{"id":1778,"__str__":"Den\u00fancia n\u00ba 2 de 2026","link_detail_backend":"/materia/1778","metadata":{},"numero":2,"ano":2026,"numero_protocolo":null,"data_apresentacao":"2026-04-17","tipo_apresentacao":"E","data_publicacao":null,"numero_origem_externa":"2","ano_origem_externa":2026,"data_origem_externa":"2026-04-17","apelido":"","dias_prazo":null,"data_fim_prazo":null,"em_tramitacao":true,"polemica":false,"objeto":"","complementar":false,"ementa":"Requer a forma\u00e7\u00e3o de Comiss\u00e3o Processante contra o Vereador Alerson Ferreira da Silva.","indexacao":"","observacao":"Protocolo n\u00ba 237/2026","resultado":"","texto_original":null,"data_ultima_atualizacao":"2026-04-18T10:47:28.483433-03:00","ip":"177.223.106.4","ultima_edicao":"2026-04-18T10:45:11.834542-03:00","tipo":16,"regime_tramitacao":1,"tipo_origem_externa":16,"local_origem_externa":3,"user":7,"anexadas":[],"autores":[]}